{"id":47,"date":"2016-04-28T15:20:17","date_gmt":"2016-04-28T14:20:17","guid":{"rendered":"https:\/\/creatifproductif.wordpress.com\/?p=47"},"modified":"2024-05-14T14:24:14","modified_gmt":"2024-05-14T12:24:14","slug":"liberation-dun-genie-devenir-artiste-independant-en-suisse-romande","status":"publish","type":"post","link":"https:\/\/www.creatifproductif.com\/liberation-dun-genie-devenir-artiste-independant-en-suisse-romande\/","title":{"rendered":"Lib\u00e9ration d&rsquo;un G\u00e9nie: devenir artiste ind\u00e9pendant en Suisse romande"},"content":{"rendered":"<div class=\"paragraph\">\n<p style=\"text-align:justify;\">On me demande de plus en plus souvent pourquoi je suis ind\u00e9pendant, ce que cela signifie et comment on fait pour le devenir. Artistes, musiciens, profs priv\u00e9s, personne n&rsquo;\u00e9chappe \u00e0 la question. Souvent je r\u00e9ponds \u00ab\u00a0il faut s&rsquo;affilier \u00e0 une caisse AVS\u00a0\u00bb. Bon. Mais \u00e7a manque de nuances. C&rsquo;est comme de dire \u00e0 Ali \u00ab\u00a0il te suffit de trouver une lampe et tu seras sultan\u00a0\u00bb. Il devenait donc urgent de faire un \u00ab\u00a0petit\u00a0\u00bb article sur la question, en essayant de ne rien omettre mais sans entrer dans des d\u00e9tails trop alambiqu\u00e9s non plus. Cet article est \u00e0 prendre comme une introduction \u00e0 la question. Je me base sur mes connaissances propres de musicien-compositeur et sur pas mal de lectures sur le net. Je ne garantis aucunement l&rsquo;exhaustivit\u00e9 de mes recherches, mais j&rsquo;ai bonne confiance que \u00e7a vous donne toutes les infos essentielles pour d\u00e9marrer.<\/p>\n<\/div>\n<div>\n<div class=\"wsite-image wsite-image-border-border-width:0 \">\n<div>\u00a0<img loading=\"lazy\" decoding=\"async\" class=\"aligncenter imggk-228 size-full\" src=\"http:\/\/creatifproductif.com\/wp-content\/uploads\/2017\/04\/1-gecc81nie.png\" alt=\"\" width=\"669\" height=\"240\" srcset=\"https:\/\/www.creatifproductif.com\/imagesgk\/2017\/04\/1-gecc81nie.png 669w, https:\/\/www.creatifproductif.com\/imagesgk\/2017\/04\/1-gecc81nie-300x108.png 300w\" sizes=\"auto, (max-width: 669px) 100vw, 669px\" \/><\/div>\n<\/div>\n<\/div>\n<div>\n<p>&nbsp;<\/p>\n<p><strong><span style=\"font-size:x-large;\">1. Avantages et inconv\u00e9nients de l&rsquo;ind\u00e9pendant<\/span><\/strong><\/p>\n<p style=\"padding-left:150px;text-align:right;\"><em>\u00ab\u00a0Devenir mon propre ma\u00eetre, ce serait encore plus merveilleux que toute la magie et tous les tr\u00e9sors de tout l\u2019univers ! Mais qu\u2019est-ce que je raconte ? Il faut que je redescende sur terre. \u00c7a n\u2019arrivera jamais ! G\u00e9nie, r\u00e9veille-toi mon pote, il faut faire la pause couscous.\u00a0\u00bb (Le G\u00e9nie \u2013 Aladdin)<\/em><\/p>\n<p style=\"text-align:justify;\">Qu&rsquo;on se le dise tout de suite: il y a une satisfaction certaine \u00e0 se savoir son propre patron et \u00e0 ne prendre des ordres que de soi. Pour les r\u00e9fractaires \u00e0 l&rsquo;autorit\u00e9, devenir ind\u00e9pendant, c&rsquo;est ne plus jamais vouloir faire marche arri\u00e8re pour se faire engueuler parce qu&rsquo;on a deux minutes de retard\u2026 En effet, \u00e9tant mon propre patron (yeah), je d\u00e9cide de l&rsquo;heure \u00e0 laquelle je me l\u00e8ve (tard) et de mes heures de travail (infinies). Joie. Mais ne vous leurrez pas, \u00eatre ind\u00e9pendant est tout sauf reposant (l&rsquo;avenir appartient \u00e0 ceux qui\u2026). En effet, il faut savoir qu&rsquo;en tant qu&rsquo;ind\u00e9pendant, vous allez devoir lire notre blog\u2026 parce que vous allez devoir \u00eatre organis\u00e9. Tenir une comptabilit\u00e9 (du moins un truc qui y ressemble). Faire vos propres factures. V\u00e9rifier que vos paiements ont bien \u00e9t\u00e9 re\u00e7us. Planifier vos activit\u00e9s. Epargner pour les mois difficiles, etc. En gros, il faut \u00eatre motiv\u00e9. Et vous l&rsquo;\u00eates. Je le sais. Vous avez jet\u00e9 un oeil \u00e0 la taille de cet article et d\u00e9cid\u00e9 de le lire tout de m\u00eame. Et puis, si on met l&rsquo;\u00e9nergie directement au bon endroit, ce n&rsquo;est pas si sorcier.<\/p>\n<p style=\"text-align:justify;\">Commen\u00e7ons par le moins et soulevons ici LE gros inconv\u00e9nient du travailleur ind\u00e9pendant: on n&rsquo;a pas le droit au ch\u00f4mage. Eh ouais. En tant que patron (oh yeah), on assume les risques. Pas de repos pour les braves. Les mois difficiles se feront en bols de couscous (sans gluten) au poivre. En revanche, <em>\u00ab\u00a0les ind\u00e9pendants ont droit aux m\u00eames prestations de l\u2019AVS\/AI que les salari\u00e9s\u00a0\u00bb<\/em> (dixit le <a href=\"https:\/\/www.ahv-iv.ch\/fr\/M%C3%A9mentos-Formulaires\/M%C3%A9mentos\" target=\"_blank\" rel=\"noopener noreferrer\">memento AVS 2.09<\/a>). Vous avez donc le droit d&rsquo;\u00eatre infirme et vieux. Jafar d\u00e9guis\u00e9. Pour ce qui est des allocations maternit\u00e9: \u00ab\u00a0<em>les principes r\u00e9gissant le versement d\u2019allocations de maternit\u00e9 aux femmes salari\u00e9es s\u2019appliquent aussi pour les ind\u00e9pendantes.\u00a0\u00bb <\/em>Souriez, mesdames. Si le ch\u00f4mage est un point essentiel pour vous, vous pouvez arr\u00eater de lire et courir vous faire salarier. Notez que vous pouvez exercer une activit\u00e9 ind\u00e9pendante <em>tout en \u00e9tant au ch\u00f4mage<\/em>, sous forme de <a href=\"http:\/\/www.vd.ch\/themes\/economie\/emploi-chomage\/espace-chomeurs\/emploi-en-gain-intermediaire\/\" target=\"_blank\" rel=\"noopener noreferrer\">gains interm\u00e9diaires<\/a>.<\/p>\n<p style=\"text-align:justify;\">Pas de ch\u00f4mage, du boulot d&rsquo;admin&rsquo; en plus\u2026 Bof bof? Que nenni. En tant qu&rsquo;ind\u00e9pendant-e (m&rsquo;en voulez pas, je n&rsquo;appliquerai pas \u00e0 chaque fois cette orthographie anti-sexiste), au del\u00e0 de la joie d&rsquo;\u00eatre votre propre ma\u00eetre (c&rsquo;est net), vous avez la possibilit\u00e9 de d\u00e9duire tout un tas de trucs aux imp\u00f4ts, ce que vous pouvez moins faire en tant que salari\u00e9. Et puis parfois, simplement, la question ne se pose pas, parce que si vous avez une avalanche de petits mandats, vous n&rsquo;allez pas demander \u00e0 chaque client de vous faire une fiche de salaire.<\/p>\n<p style=\"text-align:justify;\">Bon, vous \u00eates pr\u00eat-e \u00e0 entrer dans la caverne aux merveilles? Alors gardez les bras et les mains \u00e0 l\u2019int\u00e9rieur du tapis et c\u2019est partiiiiiiiiiiii !<\/p>\n<p><img loading=\"lazy\" decoding=\"async\" class=\"aligncenter imggk-229 size-full\" src=\"http:\/\/creatifproductif.com\/wp-content\/uploads\/2017\/04\/2-tapis.jpg\" alt=\"\" width=\"341\" height=\"192\" srcset=\"https:\/\/www.creatifproductif.com\/imagesgk\/2017\/04\/2-tapis.jpg 341w, https:\/\/www.creatifproductif.com\/imagesgk\/2017\/04\/2-tapis-300x169.jpg 300w\" sizes=\"auto, (max-width: 341px) 100vw, 341px\" \/><\/p>\n<p><strong><span style=\"font-size:x-large;\">2. La d\u00e9marche<\/span><\/strong><\/p>\n<p style=\"text-align:justify;\">Je le disais, devenir ind\u00e9pendant se fait tr\u00e8s simplement: il suffit de s&rsquo;affilier en qualit\u00e9 d&rsquo;ind\u00e9pendant aupr\u00e8s d&rsquo;une caisse de pensions (\u00e0 laquelle on versera ensuite les cotisations AVS\/AI\/APG), ainsi qu&rsquo;il est mentionn\u00e9 dans le <em>m\u00e9mento 2.09<\/em> de l&rsquo;AVS: <em>\u00ab\u00a0les personnes qui exercent une activit\u00e9 lucrative ind\u00e9pendante en Suisse doivent verser des cotisations \u00e0 l\u2019AVS, \u00e0 l\u2019AI et aux APG\u00a0\u00bb.\u00a0<\/em><\/p>\n<p style=\"text-align:justify;\">L&rsquo;\u00e9tape cl\u00e9 qui vous fera devenir ind\u00e9pendant-e est donc cette affiliation \u00e0 une caisse. Il en existe un tas, les <a href=\"http:\/\/www.caisseavsvaud.ch\/\" target=\"_blank\" rel=\"noopener noreferrer\">caisses cantonales<\/a>, <a href=\"http:\/\/www.lausanne.ch\/assurances-sociales\" target=\"_blank\" rel=\"noopener noreferrer\">communales<\/a>, priv\u00e9es ou <a href=\"http:\/\/carameletchocolat.com\/wp-content\/uploads\/2012\/09\/boite_a_outils_demelage.jpg\" target=\"_blank\" rel=\"noopener noreferrer\">\u00e0 outils<\/a>. Pour ma part, je suis affili\u00e9 \u00e0 la caisse du <a href=\"http:\/\/www.centrepatronal.ch\/index.php?page=fr\/avs\" target=\"_blank\" rel=\"noopener noreferrer\">Centre Patronal<\/a>\u00a0qui propose des frais de gestion avantageux (en revanche, c&rsquo;est tous des vieux riches de droite\u2026). La hauteur des cotisations que vous paierez ne changera toutefois pas d&rsquo;une caisse \u00e0 l&rsquo;autre. Pour les personnes astreintes au service militaire ou civil, renseignez-vous aupr\u00e8s de la caisse choisie au sujet des allocations APG minimum garanties\u2026<\/p>\n<p style=\"text-align:justify;\">Il y aura un <a href=\"http:\/\/www.centrepatronal.ch\/index.php?page=fr\/avs\/affiliation\" target=\"_blank\" rel=\"noopener noreferrer\">formulaire<\/a>\u00a0\u00e0 remplir aupr\u00e8s de la caisse de pension choisie par vos soins. Dans celui-ci, vous devrez r\u00e9pondre \u00e0 un certain nombre de questions dont les r\u00e9ponses valideront ou non votre affiliation. Il est important ici de bien comprendre ce que signifie \u00eatre ind\u00e9pendant-e aux yeux d&rsquo;une caisse AVS:<\/p>\n<p style=\"text-align:justify;\"><em>\u00ab\u00a0Sont consid\u00e9r\u00e9s comme ind\u00e9pendants selon le droit des assurances sociales les femmes et les hommes qui agissent en leur propre nom et pour leur propre compte ; sont libres dans l\u2019organisation du travail et assument les risques \u00e9conomiques.\u00a0\u00bb (memento 2.02 sur l&rsquo;AVS)<\/em><\/p>\n<p style=\"text-align:justify;\">Autrement dit: vous \u00eates patron. Votre propre patron (bon mais avouez, \u00e7a claque, non?). Vous ne travaillez donc pas au service de quelqu&rsquo;un, mais offrez des prestations. Cela signifie que vous n&rsquo;avez pas le droit \u00e0 des vacances pay\u00e9es, pas le droit \u00e0 un salaire en cas de maladie, que personne ne contr\u00f4le votre temps de travail, que vous oeuvrez\u00a0dans vos propres locaux, que le mat\u00e9riel que vous utilisez pour votre activit\u00e9 est v\u00f4tre et\/ou \u00e0 vos frais, que les frais g\u00e9n\u00e9raux sont \u00e0 votre charge, que vous devez supporter les pertes \u00e9ventuelles, que vous agissez en votre propre nom et \u00e0 votre propre compte<em>, <\/em>que vous faites votre propre facturation et votre propre publicit\u00e9.<\/p>\n<p style=\"text-align:justify;\">Il est important de r\u00e9pondre correctement \u00e0 ces questions, sous peine de se voir refuser le statut d&rsquo;ind\u00e9pendant et devoir retourner \u00e0 votre activit\u00e9 de voleur de pain \u00e0 Agrabah. Vous devrez en outre pr\u00e9senter au moins trois activit\u00e9s r\u00e9mun\u00e9r\u00e9es diff\u00e9rentes (donc trois \u00ab\u00a0clients\u00a0\u00bb distincts. <em>Trois ! Unos, dos, tres, ni repris, ni \u00e9chang\u00e9s, ni rembours\u00e9s<\/em>). Ces clients peuvent \u00eatre des \u00e9l\u00e8ves ou n&rsquo;importe quelle personne ou structure qui vous mandate selon vos termes. Attention aux th\u00e9\u00e2tres, par exemple, qui sont consid\u00e9r\u00e9s, aux yeux d&rsquo;une caisse AVS, plut\u00f4t comme des employeurs (puisque vous travaillez dans leur lieu, selon leurs horaires de travail, etc.)<\/p>\n<p style=\"text-align:justify;\">Il est conseill\u00e9, sous \u00ab\u00a0branche d&rsquo;activit\u00e9\u00a0\u00bb de rester assez large (afin de ne pas \u00eatre ennuy\u00e9 plus tard si l&rsquo;activit\u00e9 s&rsquo;\u00e9tend ou se modifie l\u00e9g\u00e8rement). Vous jouez du pipeau andin? Mettez donc \u00ab\u00a0musique et arts des spectacles\u00a0\u00bb&#8230;<\/p>\n<p style=\"text-align:justify;\">Enfin, a priori, en tant qu&rsquo;artiste ind\u00e9pendant-e d\u00e9butant-e, vous n&rsquo;\u00eates pas inscrit-e au Registre du Commerce, ni assujetti-e \u00e0 la TVA (ou alors vous le savez d\u00e9j\u00e0, et c&rsquo;est que votre chiffre d&rsquo;affaires est d\u00e9j\u00e0 cons\u00e9quent \u2013 plus de CHF 100&rsquo;000.- par an: bravo). Ne vous ennuyez pas avec ces questions-l\u00e0 du questionnaire. Et quand vous serez riche, vous vous paierez des heures de fiduciaire et m&rsquo;offrirez le caf\u00e9.<\/p>\n<p style=\"text-align:justify;\">Note: peut-\u00eatre ne voulez-vous pas devenir ind\u00e9pendant mais cr\u00e9er une petite entreprise? \u00ab\u00a0G\u00e9nies lib\u00e9r\u00e9s SARL\u00a0\u00bb? <a href=\"http:\/\/www.vd.ch\/fileadmin\/user_upload\/organisation\/dfj\/sesaf\/ocosp\/fichiers_pdf\/publications\/soncompt.pdf\" target=\"_blank\" rel=\"noopener noreferrer\">Cette lecture<\/a> vous sera utile pour commencer la r\u00e9flexion.<\/p>\n<p><strong><span style=\"font-size:x-large;\">3. J&rsquo;ai \u00e9t\u00e9 accept\u00e9. Now what?<\/span><\/strong><\/p>\n<p style=\"text-align:justify;\">Bravo. Vous \u00eates ind\u00e9pendant-e. Vous \u00eates un h\u00e9ros (une h\u00e9ro\u00efne? Mais \u00e7a fait drogue, non?). Maintenant, bossez. On est l\u00e0 pour \u00e7a, ou bien? Lancez de la pub, parlez de votre activit\u00e9, faites des offres spontan\u00e9es, variez vos prestations, proposez vos services. Ok, vous avez le droit de faire des pauses. Mais en payant votre repas de midi avec votre coll\u00e8gue, gardez le ticket. Oui, \u00eatre ind\u00e9pendant c&rsquo;est tenir une comptabilit\u00e9 \u2013 pas n\u00e9cessairement selon l&rsquo;usage commercial (\u00e0 nouveau, ce n&rsquo;est pas obligatoire en dessous de 100&rsquo;000.- de revenu annuel), mais quand m\u00eame. Et si vous voulez \u00e9viter la grosse prise de t\u00eate en mars chaque ann\u00e9e au moment des imp\u00f4ts, faites les choses au fur et \u00e0 mesure: tenez une compta r\u00e9guli\u00e8re de vos recettes et de vos frais. Cela peut \u00eatre fait tr\u00e8s simplement, sur des fiches Excel par exemple. Un cahier pour les recettes et un cahier par cat\u00e9gorie de frais (achat de mat\u00e9riel, repas, transport, frais de v\u00e9hicule, factures de t\u00e9l\u00e9phone, publicit\u00e9, etc.) Prenez le temps de vous faire un mod\u00e8le assez clair, ou demandez-le \u00e0 quelqu&rsquo;un qui en a un. L&rsquo;id\u00e9al est de demander le mod\u00e8le de votre fiduciaire. On y reviendra.<\/p>\n<p style=\"text-align:justify;\">Chaque mois, prenez un moment pour rassembler vos tickets et entrez vos frais dans la bonne cat\u00e9gorie. Prenez le pli de toujours prendre le re\u00e7u en retirant de l&rsquo;essence ou en mangeant au restau (notez \u00e9ventuellement sur le ticket avec qui vous \u00e9tiez et en quoi c&rsquo;\u00e9tait un repas \u00ab\u00a0professionnel\u00a0\u00bb). Et chaque fois que vous \u00eates pay\u00e9, rentrez-le dans votre cahier de recettes (pr\u00e8s de la fameuse tarte au loukoum. Non je d\u00e9conne).<\/p>\n<p style=\"text-align:justify;\">Pensez aussi \u00e0 facturer. En tant qu&rsquo;ind\u00e9pendant-e, c&rsquo;est \u00e0 vous de facturer vos services. C&rsquo;est pas bien compliqu\u00e9, hein, un fichier texte avec une date, un montant \u00e0 payer et un compte bancaire et elle est belle. Apr\u00e8s, il vous faudra garder un suivi pour v\u00e9rifier si vos clients vous ont pay\u00e9 ou non&#8230; Envoyez vos meilleurs tueurs r\u00e9cup\u00e9rer votre d\u00fb. Oui, vous pouvez \u00eatre pay\u00e9-e en cash. Vous \u00eates juste cens\u00e9-e d\u00e9clarer tous vos revenus\u2026<\/p>\n<\/div>\n<div>\n<div class=\"wsite-image wsite-image-border-none \">\n<p><img loading=\"lazy\" decoding=\"async\" class=\"aligncenter size-large imggk-230\" src=\"http:\/\/creatifproductif.com\/wp-content\/uploads\/2017\/04\/3-neige.jpg?w=1024\" alt=\"\" width=\"1024\" height=\"575\" srcset=\"https:\/\/www.creatifproductif.com\/imagesgk\/2017\/04\/3-neige.jpg 1100w, https:\/\/www.creatifproductif.com\/imagesgk\/2017\/04\/3-neige-300x169.jpg 300w, https:\/\/www.creatifproductif.com\/imagesgk\/2017\/04\/3-neige-1024x575.jpg 1024w, https:\/\/www.creatifproductif.com\/imagesgk\/2017\/04\/3-neige-768x431.jpg 768w\" sizes=\"auto, (max-width: 1024px) 100vw, 1024px\" \/><\/p>\n<div><\/div>\n<\/div>\n<\/div>\n<div class=\"paragraph\">\n<p><strong><span style=\"font-size:x-large;\">4. La d\u00e9claration d&rsquo;imp\u00f4ts<\/span><\/strong><\/p>\n<p style=\"text-align:justify;\">Ah cet horrible moment. Vous \u00eates seul perdu dans la neige et une grande tour va vous rouler dessus. Mais en fait \u00e7a va, il y a une lucarne: si vous avez \u00e9t\u00e9 sage pendant l&rsquo;ann\u00e9e et que vous avez bien tenu compte de vos recettes et frais, ce sera vite fait. Question d&rsquo;anticipation. N\u00e9anmoins, je conseille vivement de passer une heure dans une fiduciaire pour finaliser la chose. En effet, les ind\u00e9pendants doivent remplir un <a href=\"http:\/\/www.vd.ch\/fileadmin\/user_upload\/organisation\/dfin\/aci\/fichiers_pdf\/21021-b_Quest_gen_indep_sans_compta_2015.pdf\" target=\"_blank\" rel=\"noopener noreferrer\">questionnaire<\/a>\u00a0en marge de leur d\u00e9claration, et celui-ci est, disons-le, peu digeste. Personnellement, il me suffit d&rsquo;une heure chaque ann\u00e9e pour faire v\u00e9rifier mes frais et remplir ce questionnaire avec une personne comp\u00e9tente en la mati\u00e8re et \u00e7a me co\u00fbte 130 francs. Correct, pour dire que \u00e7a me fait \u00e9conomiser des cheveux et quelques sous. Vraiment, m\u00eame si l&rsquo;on fait tout bien, il y aura forc\u00e9ment des subtilit\u00e9s qui nous \u00e9chappent. Par exemple, les frais de tapis volant:<\/p>\n<p style=\"text-align:justify;\"><em>\u00ab\u00a0La part priv\u00e9e aux frais d&rsquo;automobile est estim\u00e9e forfaitairement \u00e0 9.6% du prix d&rsquo;achat (hors TVA), soit 0.8% par mois, mais au moins \u00e0 1&rsquo;800 francs par an par v\u00e9hicule utilis\u00e9 \u00e0 titre priv\u00e9, \u00e0 savoir 150 francs par mois.\u00a0\u00bb\u00a0<\/em>(<a href=\"http:\/\/www.vd.ch\/themes\/etat-droit-finances\/impots\/impots-individus-personnes-physiques\/formulaires\/periode-fiscale-2015\/\" target=\"_blank\" rel=\"noopener noreferrer\">Instructions compl\u00e9mentaires concernant les contribuables exer\u00e7ant une activit\u00e9 lucrative ind\u00e9pendante<\/a>, point 3.5.4)<\/p>\n<p style=\"text-align:justify;\">Et il y a plus de chances que le fisc vous laisse tranquille si votre d\u00e9claration est valid\u00e9e par une fiduciaire reconnue. Pis c&rsquo;est sympa, on vous y offre le caf\u00e9.<\/p>\n<p style=\"text-align:justify;\">Notons tout de m\u00eame quelques points utiles: comme d\u00e9j\u00e0 dit, vous pourrez d\u00e9duire une\u00a0<em>p\u00e9t\u00e9e<\/em>\u00a0de trucs: une part de votre loyer, vos locaux professionnels, vos frais de d\u00e9placement (train, voiture, y compris les services, les assurances, les changement de pneus, place de parc\u2026) et de repas, vos achats professionnels, votre t\u00e9l\u00e9phone&#8230; Tant que \u00e7a a un lien avec votre activit\u00e9:<\/p>\n<p style=\"text-align:justify;\"><em>\u00ab\u00a0Du revenu sont d\u00e9duits les frais n\u00e9cessaires \u00e0 son acquisition, soit toutes les d\u00e9penses qui sont en relation directe avec l&rsquo;activit\u00e9 \u00e0 but lucratif. Ces frais doivent \u00eatre d\u00fbment justifi\u00e9s et concerner le revenu acquis durant l&rsquo;exercice pris en consid\u00e9ration.\u00a0\u00bb\u00a0<\/em>(Instructions compl\u00e9mentaires, point 4.1.)<\/p>\n<p style=\"text-align:justify;\">Les cotisations AVS\/AI\/APG que vous aurez vers\u00e9es pendant l&rsquo;ann\u00e9e sont \u00e9galement enti\u00e8rement d\u00e9ductibles. Les revenus de l&rsquo;AI ou des APG ne doivent pas entrer dans la comptabilit\u00e9 ind\u00e9pendante. Ils seront entr\u00e9s o\u00f9 il se doit dans le formulaire de la d\u00e9claration d&rsquo;imp\u00f4ts.<\/p>\n<p><strong><span style=\"font-size:x-large;\">5. Les cotisations AVS \/ Le 3\u00e8 pilier: what about my old age?<\/span><\/strong><\/p>\n<p style=\"text-align:justify;\">Le montant des cotisations AVS, que vous paierez \u00e0 la caisse de pension \u00e0 laquelle vous vous \u00eates affili\u00e9, est calcul\u00e9 en fonction de votre revenu, et plus pr\u00e9cis\u00e9ment de la derni\u00e8re d\u00e9cision de taxation fiscale. Les cotisations sont dues par trimestre. Vous n&rsquo;avez rien \u00e0 faire de particulier \u00e0 part payer vos factures d&rsquo;AVS, \u00e9mises g\u00e9n\u00e9reusement par votre caisse de pension. Il s&rsquo;agit l\u00e0 de votre 1er pilier. Mais vous payez actuellement celui de votre grand m\u00e8re.<\/p>\n<p style=\"text-align:justify;\">Ce qu&rsquo;on appelle le deuxi\u00e8me pilier, ou LPP, n&rsquo;est pas obligatoire pour les ind\u00e9pendants.<br \/>\n<em>\u00ab\u00a0Les personnes qui exercent une activit\u00e9 professionnelle ind\u00e9pendante ne sont pas soumises \u00e0 la pr\u00e9voyance professionnelle obligatoire\u00a0\u00bb (memento 02.9)<\/em><\/p>\n<p style=\"text-align:justify;\">Si vous employez du personnel, par contre, faudra vous coller \u00e0 la question:<br \/>\n<em>\u00ab\u00a0L\u2019ind\u00e9pendant qui emploie des travailleurs salari\u00e9s soumis \u00e0 l\u2019assurance obligatoire doit, en tant qu\u2019employeur, \u00eatre affili\u00e9 \u00e0 une institution de pr\u00e9voyance inscrite dans le registre de la pr\u00e9voyance professionnelle (art. 11, al. 1, LPP). Les personnes qu\u2019il emploie sont assur\u00e9es obligatoirement aupr\u00e8s de cette institution. L\u2019ind\u00e9pendant peut lui-m\u00eame s\u2019assurer aupr\u00e8s de l\u2019institution de pr\u00e9voyance qui couvre son personnel (art. 44, al. 1, LPP).\u00a0\u00bb<\/em><\/p>\n<p style=\"text-align:justify;\">Mais on n&rsquo;en est pas l\u00e0, n&rsquo;est-ce pas? Toutefois, il est un peu dangereux de compter uniquement sur l&rsquo;AVS pour sa retraite (on le sait bien, notre AVS va se casser la gueule \u00e0 moins qu&rsquo;on fasse une vol\u00e9e de gamins, l\u00e0, maintenant, ce qui n&rsquo;est pas trop dans mes plans, perso). L&rsquo;ind\u00e9pendant peut donc, pour ses vieux jours, se cr\u00e9er un\u00a0<em>troisi\u00e8me<\/em>\u00a0pilier, en lieu et place du second, soit en assurance, soit en banque, ce sont les piliers 3a et 3b. Le 3\u00e8me pilier en assurance fonctionne ainsi: vous d\u00e9cidez avec votre conseiller en assurance combien vous pouvez payer par mois ou par an pour votre \u00e9pargne retraite. Vous recevrez ainsi des factures \u00e9quivalentes. Sur le montant que vous versez, un petit pourcentage sert \u00e0 payer votre\u00a0<em>assurance<\/em>, pr\u00e9cis\u00e9ment, \u00e0 savoir la \u00ab\u00a0lib\u00e9ration des primes\u00a0\u00bb en cas d&rsquo;incapacit\u00e9 de travail. C&rsquo;est \u00e0 dire que l&rsquo;assurance va continuer \u00e0 payer vos primes pour vous si vous ne pouvez plus le faire. Revers de la m\u00e9daille: \u00e7a vous co\u00fbte un peu de sous, et les assurances sont vaches: vous devrez avoir une sant\u00e9 parfaite pour qu&rsquo;ils ne vous mettent pas des \u00ab\u00a0r\u00e9serves\u00a0\u00bb. Vous avez consult\u00e9 quelqu&rsquo;un pour votre dos ou un psy une fois dans les cinq derni\u00e8res ann\u00e9es? Dites adieu \u00e0 votre lib\u00e9ration de primes.<\/p>\n<p style=\"text-align:justify;\"><em>\u00ab\u00a0Il faut des jambes jeunes et de solides \u00e9paules pour aller s\u2019en emparer\u00a0\u00bb. \u2013 Jafar<\/em><\/p>\n<p style=\"text-align:justify;\">Le 3e pilier libre, en banque, est tr\u00e8s simple: c&rsquo;est de l&rsquo;\u00e9pargne \u00ab\u00a0bloqu\u00e9e\u00a0\u00bb. Vous versez ce que vous voulez quand vous voulez sur un compte en banque de 3e pilier, et ce montant est gard\u00e9 au chaud pour vous jusqu&rsquo;\u00e0 votre retraite (des exceptions peuvent \u00eatre faites pour un achat immobilier). Dans tous les cas, les versements effectu\u00e9s sur un troisi\u00e8me pilier sont d\u00e9ductibles des imp\u00f4ts. Si l&rsquo;ind\u00e9pendant n&rsquo;est pas affili\u00e9 \u00e0 un 2\u00e8me pilier, ces versements dont d\u00e9ductibles jusqu&rsquo;\u00e0 hauteur de 20 % du revenu annuel, et au maximum \u00e0 33&rsquo;840 francs.<\/p>\n<p style=\"text-align:justify;\">Pour ce choix de troisi\u00e8me pilier, c&rsquo;est un peu une question de go\u00fbt personnel. Je vous conseille de demander une offre en assurance et de voir ce qu&rsquo;on vous propose. Il est m\u00eame conseill\u00e9, \u00e0 partir de certains montants, d&rsquo;avoir plusieurs 3e piliers diff\u00e9rents (pour des questions d&rsquo;imposition lors du retrait en bloc \u00e0 l&rsquo;\u00e2ge de la retraite). Pourquoi pas alors en avoir un de chaque. Vous pouvez aussi en parler avec un conseiller sp\u00e9cialis\u00e9, par exemple <a href=\"http:\/\/www.swisslife-select.ch\/fr\/home.html\" target=\"_blank\" rel=\"noopener noreferrer\">chez eux<\/a> (premier rendez-vous gratuit). Il n&rsquo;y a pas d&rsquo;urgence absolue \u00e0 faire ce troisi\u00e8me pilier. Pensez-y peut-\u00eatre d\u00e8s la deuxi\u00e8me ou troisi\u00e8me ann\u00e9e de votre activit\u00e9, une fois que \u00e7a commence \u00e0 rouler\u2026<\/p>\n<p style=\"text-align:justify;\">Plus d&rsquo;infos sur cette question:<br \/>\n<a href=\"http:\/\/www.troisiemepilier.ch\/\">http:\/\/www.troisiemepilier.ch\/<\/a><br \/>\n<a href=\"https:\/\/www.ch.ch\/fr\/3eme-pilier\/\">https:\/\/www.ch.ch\/fr\/3eme-pilier\/<\/a><br \/>\n<a href=\"http:\/\/www.troisiemepilier.ch\/comparaison-des-types-de-3eme-pilier\/\">http:\/\/www.troisiemepilier.ch\/comparaison-des-types-de-3eme-pilier\/<\/a><br \/>\n<a href=\"http:\/\/www.le3eme-pilier.ch\/\">http:\/\/www.le3eme-pilier.ch\/<\/a><\/p>\n<p><strong><span style=\"font-size:x-large;\">6. Pis faut faire d&rsquo;autres assurances?<\/span><\/strong><\/p>\n<p style=\"text-align:justify;\">En tant qu&rsquo;ind\u00e9pendant, vous avez besoin d&rsquo;une assurance accidents (bien qu&rsquo;elle ne soit pas obligatoire, elle est conseill\u00e9e et peu co\u00fbteuse). Parfois, cette assurance est comprise dans votre assurance maladie de base. Il faut vous en assurer (notez le jeu de mot \u00e9bouriffant), et le cas non \u00e9ch\u00e9ant en contracter une. Le montant de l&rsquo;assurance accidents est d\u00e9ductible des imp\u00f4ts dans vos charges professionnelles.<\/p>\n<p style=\"text-align:justify;\">Vous aurez envie d&rsquo;\u00eatre assur\u00e9 contre les incendies et les d\u00e9g\u00e2ts naturels pour vos locaux professionnels. Souvenez-vous de ce qui arrive au palais d&rsquo;Agrabah une fois que Jafar devient sorcier. \u00c7a a d\u00fb demander de sacr\u00e9s travaux de r\u00e9paration. S&rsquo;il n&rsquo;y a pas de g\u00e9nie dans le coin, cela se fera facilement aupr\u00e8s de votre <a href=\"https:\/\/www.eca-vaud.ch\/\" target=\"_blank\" rel=\"noopener noreferrer\">Etablissement Cantonal d&rsquo;Assurances<\/a> (ECA).<\/p>\n<p style=\"text-align:justify;\">Vous aurez peut-\u00eatre envie, dans un deuxi\u00e8me temps, d&rsquo;acqu\u00e9rir une Responsabilit\u00e9 Civile professionnelle. Si vous n&rsquo;\u00eates pas hors la loi, vous avez d\u00e9j\u00e0 une RC priv\u00e9e, mais si vous marchez sur le Stradivarius de votre coll\u00e8gue lors d&rsquo;un spectacle, il se peut que votre RC priv\u00e9e vous envoie pa\u00eetre. Vous serez plus en paix avec une RC professionnelle, m\u00eame si, vous me direz, ce n&rsquo;est qu&rsquo;un truc en bois \u00e0 quatre cordes.<\/p>\n<p style=\"text-align:justify;\">L&rsquo;assurance perte de gains: facultative, elle permet de s&rsquo;assurer un revenu en cas d&rsquo;incapacit\u00e9 de travail. Toutefois, ces assurances co\u00fbtent relativement cher, et d\u00e9pendent (encore une fois, c&rsquo;est une assurance) grandement de votre \u00e9tat de sant\u00e9. Vous pourrez sans autre vous renseigner et demander une offre dans un deuxi\u00e8me temps. Pour ma part, je n&rsquo;en ai pas, pr\u00e9f\u00e9rant avoir un compte \u00e9pargne aliment\u00e9 pour les mois difficiles, plut\u00f4t que de mettre des sommes d&rsquo;argent dans une assurance que probablement je n&rsquo;utiliserai jamais (on s&rsquo;entend, l&rsquo;assurance interviendrait dans des cas de longue incapacit\u00e9 de travail, genre plus d&rsquo;un mois \u2013 pas pour une grippe d&rsquo;une semaine\u2026) Et si vraiment il m&rsquo;arrivait quelque chose de grave, ce serait alors l&rsquo;AI qui prendrait en charge mon handicap apr\u00e8s deux ans. Mais c&rsquo;est \u00e0 vous de d\u00e9cider ce qu&rsquo;il vous faut, et un conseil aupr\u00e8s de votre assureur est gratuit&#8230;<\/p>\n<p style=\"text-align:justify;\">Enfin, il y a la possibilit\u00e9 de se faire une assurance juridique, pour \u00eatre couvert si Monsieur Lampion ne vous paie pas votre facture parce qu&rsquo;il trouve que sa fille n&rsquo;a \u00ab\u00a0pas fait tant de progr\u00e8s que \u00e7a\u00a0\u00bb en trombone \u00e0 coulisse. Mais de nouveau, c&rsquo;est une assurance, c&rsquo;est des frais, c&rsquo;est pas forc\u00e9ment n\u00e9cessaire et certainement pas urgent. Pensez-y dans quelques ann\u00e9es, si vos mandats deviennent gros et vos clients mafieux. Et si vous faites toutes ces assurances aupr\u00e8s du m\u00eame assureur, dites-lui bien de vous faire une offre, parce que quand m\u00eame, un client comme vous, \u00e7a n&rsquo;arrive pas tous les jours.<\/p>\n<p><strong><span style=\"font-size:x-large;\">7. Peut-on \u00eatre ind\u00e9pendant ET salari\u00e9?<\/span><\/strong><\/p>\n<p style=\"text-align:justify;\">C&rsquo;est bien s\u00fbr possible. Il vous faudra alors choisir quelle est votre activit\u00e9 principale. Pour ma part, je suis ind\u00e9pendant pour mon activit\u00e9 principale, mais j&rsquo;ai quelques revenus salari\u00e9s consid\u00e9r\u00e9s comme activit\u00e9 accessoire. Cela peut tout \u00e0 fait \u00eatre l&rsquo;inverse. Si vous \u00eates engag\u00e9-e \u00e0 l&rsquo;ann\u00e9e \u00e0 un certain pourcentage, vous pourrez alors savoir \u00e0 combien de pour cent vous \u00eates ind\u00e9pendant-e. Si vos frais d&rsquo;ind\u00e9pendant-e d\u00e9passent vos revenus, vous pourrez d\u00e9clarer une perte qui sera alors additionn\u00e9e en n\u00e9gatif \u00e0 votre revenu salari\u00e9. Attention toutefois, il semble que le fisc soit pointilleux sur ce point, et vous devrez peut-\u00eatre vous justifier du fait que cette activit\u00e9 ind\u00e9pendante est bien professionnelle et lucrative \u2013 ou qu&rsquo;elle le sera \u00e0 terme. Note: vos revenus salari\u00e9s n&rsquo;entrent \u00e9videmment\u00a0<em>pas\u00a0<\/em>dans vos recettes d&rsquo;ind\u00e9pendant.<\/p>\n<p><strong><span style=\"font-size:x-large;\">8. Faites-vous payer correctement<\/span><\/strong><\/p>\n<p style=\"text-align:justify;\">Il peut arriver que lors d&rsquo;une activit\u00e9, on vous propose les deux options: \u00eatre salari\u00e9 ou pay\u00e9 comme ind\u00e9pendant. Il s&rsquo;agit l\u00e0 de bien comprendre la diff\u00e9rence et l&rsquo;int\u00e9r\u00eat que vous avez dans l&rsquo;un ou l&rsquo;autre cas. Il s&rsquo;agit aussi de ne pas vous faire bouffer vos charges sociales\u2026 Le seul int\u00e9r\u00eat vraisemblable \u00e0 vous faire payer comme salari\u00e9 serait de pr\u00e9tendre \u00e0 un droit au ch\u00f4mage. Mais il y a peu de chances pour que ce soit le cas si vous \u00eates principalement ind\u00e9pendant. En effet, vous devriez\u00a0<em><a href=\"http:\/\/www.vd.ch\/themes\/economie\/emploi-chomage\/espace-chomeurs\/indemnisation\/\" target=\"_blank\" rel=\"noopener noreferrer\">avoir exerc\u00e9 une activit\u00e9 salari\u00e9e pendant douze mois au moins durant les deux derni\u00e8res ann\u00e9es<\/a><\/em>. Et m\u00eame ainsi, il n&rsquo;est pas garanti que vous y ayez droit si vous avez exerc\u00e9 en tant qu&rsquo;ind\u00e9pendant en parall\u00e8le. Je dirais donc que \u2013 \u00e0 moins que ce genre de cas ne soit vraiment fr\u00e9quent \u2013 vous avez tout avantage \u00e0 vous faire payer comme ind\u00e9pendant. Vous pourrez ainsi d\u00e9duire librement des frais sur ce revenu. Maintenant attention: mettons que cette activit\u00e9 vous soit propos\u00e9e pour le montant de 5&rsquo;000.- sous forme salari\u00e9e. Vous devrez demander\u00a0<em>davantage<\/em>\u00a0en tant qu&rsquo;ind\u00e9pendant. L&#8217;employeur, lorsqu&rsquo;il vous salarie, doit payer la \u00ab\u00a0part employeur\u00a0\u00bb de vos charges sociales, qui s&rsquo;\u00e9l\u00e8ve \u00e0 environ 10% (les chiffrent peuvent varier selon un certain nombre de facteurs dans lesquels je ne vais pas me lancer ici). L&#8217;employeur vous doit donc cette part, puisque c&rsquo;est vous qui, de votre c\u00f4t\u00e9, allez payer l&rsquo;entier de vos charges sociales. Il devra donc vous verser environ 5&rsquo;500 francs. Pour<a href=\"http:\/\/www.centrepatronal.ch\/index.php?page=fr\/avs\/employe\/taux%E2%80%8B\" target=\"_blank\" rel=\"noopener noreferrer\"> en savoir plus.\u00a0<\/a>\u00a0Et aussi <a href=\"http:\/\/www.caisseavsvaud.ch\/entreprises\/cotisations\/employeurs\/\" target=\"_blank\" rel=\"noopener noreferrer\">ici<\/a>.<\/p>\n<p style=\"text-align:center;\"><em>J\u2019esp\u00e8re pour toi que tu as de quoi payer !<\/em><br \/>\n<em>Pas de chapardages ! Pas \u00e0 mon \u00e9talage !<\/em><\/p>\n<\/div>\n<p><img loading=\"lazy\" decoding=\"async\" class=\"size-full imggk-231 aligncenter\" src=\"http:\/\/creatifproductif.com\/wp-content\/uploads\/2017\/04\/4-voleuse.jpg\" alt=\"\" width=\"340\" height=\"238\" srcset=\"https:\/\/www.creatifproductif.com\/imagesgk\/2017\/04\/4-voleuse.jpg 340w, https:\/\/www.creatifproductif.com\/imagesgk\/2017\/04\/4-voleuse-300x210.jpg 300w\" sizes=\"auto, (max-width: 340px) 100vw, 340px\" \/><\/p>\n<div class=\"paragraph\">\n<p style=\"text-align:justify;\">Si c&rsquo;est \u00e0 vous d&rsquo;estimer le montant que vous allez toucher, n&rsquo;ayez pas peur de demander de vrais honoraires, pas de simples d\u00e9fraiements. Vous \u00eates un-e professionnel-e. C&rsquo;est votre m\u00e9tier. Vous \u00eates dou\u00e9-e dans ce que vous faites. Vous avez le droit de manger et de payer votre loyer. Rappelez-vous, lorsque les gens pensent payer un saltimbanque en costume qui vient jouer un peu de piano pour se lisser l&rsquo;ego, ils paient en r\u00e9alit\u00e9:<\/p>\n<\/div>\n<ul>\n<li class=\"paragraph\">un saltimbanque en costume qui vient jouer un peu de piano pour se lisser l&rsquo;ego ET<\/li>\n<li class=\"paragraph\">du mat\u00e9riel on\u00e9reux et des instruments de qualit\u00e9<\/li>\n<li class=\"paragraph\">des heures de r\u00e9p\u00e9titions<\/li>\n<li class=\"paragraph\">le d\u00e9placement jusqu\u2019\u00e0 l\u2019endroit du concert \/ de la prestation<\/li>\n<li class=\"paragraph\">le temps et l\u2019argent d\u00e9pens\u00e9s pour prendre des cours et devenir musicien<\/li>\n<li class=\"paragraph\">une pratique instrumentale quotidienne<\/li>\n<li class=\"paragraph\">la tenue de sc\u00e8ne<\/li>\n<li class=\"paragraph\">les frais de promotion (site web, pubs facebook, affiches, flyers, cartes de visite)<\/li>\n<li class=\"paragraph\">le temps consacr\u00e9 \u00e0 cette promotion (r\u00e9pondre aux mails, offres spontan\u00e9es, dossiers de candidature)<\/li>\n<li class=\"paragraph\">les frais d\u2019internet et de t\u00e9l\u00e9phonie pour organiser et promouvoir les activit\u00e9s<\/li>\n<li class=\"paragraph\">le temps consacr\u00e9 \u00e0 l&rsquo;administratif d&rsquo;un ind\u00e9pendant (facturation, comptabilit\u00e9)<\/li>\n<li class=\"paragraph\">le temps consacr\u00e9 \u00e0 la lecture du blog\u00a0<em>Cr\u00e9atif-Productif<\/em><\/li>\n<li class=\"paragraph\">la voiture utilis\u00e9e \u00e0 des fins professionnelles<\/li>\n<li class=\"paragraph\">les frais de location de salles de r\u00e9p\u00e9tition<\/li>\n<li class=\"paragraph\">les logiciels musicaux et le mat\u00e9riel informatique qui permettent de r\u00e9aliser des maquettes<\/li>\n<li class=\"paragraph\">une assurance RC professionnelle d&rsquo;ind\u00e9pendant<\/li>\n<\/ul>\n<p style=\"text-align:justify;\">Alors faites du bien \u00e0 la communaut\u00e9 des artistes, ne vendez pas vos prestations au rabais. \u00c7a tue la concurrence, \u00e7a tue le m\u00e9tier. Merci. Vous trouverez des bar\u00e8mes conseill\u00e9s en fonction des prestations en ligne, par exemple pour la\u00a0<a href=\"http:\/\/www.asm-stv.ch\/app\/uploads\/2016\/09\/bar-compo-10-f-filefilesswissyhonorarrichtlinienbar-compo-10-f.pdf\" target=\"_blank\" rel=\"noopener noreferrer\">composition<\/a>, des prestations de musicien (<a href=\"http:\/\/smv.ch\/fr\/service\/tarifs\/\" target=\"_blank\" rel=\"noopener noreferrer\">USDAM<\/a>), de\u00a0<a href=\"http:\/\/www.a-c-t.ch\/fr\/first-menu\/services\/salaires\" target=\"_blank\" rel=\"noopener noreferrer\">com\u00e9dien<\/a>. Trouvez les bar\u00e8mes correspondant \u00e0 votre activit\u00e9 sur le site du\u00a0<a href=\"http:\/\/ssrs.ch\/vos-droits\/le-salaire-minimum\/\" target=\"_blank\" rel=\"noopener noreferrer\">Syndicat Suisse romand du spectacle<\/a>\u00a0ou aupr\u00e8s d&rsquo;autres\u00a0<a href=\"http:\/\/interpreten.ch\/fr\/conseil\/associations\/\" target=\"_blank\" rel=\"noopener noreferrer\">associations professionnelles<\/a>.<\/p>\n<p><strong><span style=\"font-size:x-large;\">9. Le petit bonus: l&rsquo;OVAM<\/span><\/strong><\/p>\n<div class=\"paragraph\">\n<p style=\"text-align:justify;\">D\u00e9marrer comme ind\u00e9pendant, c&rsquo;est pas forc\u00e9ment facile. L&rsquo;Office Vaudois des Assurances Maladies peut \u00eatre un sacr\u00e9 soulagement pour vos factures de fin de mois. L&rsquo;OVAM propose une aide au paiement des primes d&rsquo;assurance maladie pour les faibles revenus. Vous pouvez d\u00e9poser une demande sur<a href=\"http:\/\/www.vd.ch\/themes\/social\/prestations-assurances-et-soutien\/assurance-maladie\/subsides\/\" target=\"_blank\" rel=\"noopener noreferrer\">\u00a0leur site<\/a>. Si vous n&rsquo;\u00eates pas domicili\u00e9 dans le canton de Vaud, renseignez-vous sur un \u00e9quivalent dans votre r\u00e9gion.<\/p>\n<\/div>\n<p><strong><span style=\"font-size:x-large;\">10. Vous-e voil\u00e0-e fin-e pr\u00eat-e<\/span><\/strong><\/p>\n<p style=\"text-align:justify;\">Avec ces informations en t\u00eate, il semble que vous soyez tout-e pr\u00eat-e \u00e0 vous lancer dans l&rsquo;aventure d&rsquo;ind\u00e9pendant-e et \u00e0 devenir, enfin, votre propre\u00a0<a href=\"https:\/\/www.youtube.com\/watch?v=IxuThNgl3YA\" target=\"_blank\" rel=\"noopener noreferrer\">boss<\/a>. G\u00e9nial, non? F\u00e9licitations. Allez tout le monde, approchez-vous pour la photo. Eh, je peux embrasser le singe ?<\/p>\n<p><img loading=\"lazy\" decoding=\"async\" class=\"aligncenter size-full imggk-232\" src=\"http:\/\/creatifproductif.com\/wp-content\/uploads\/2017\/04\/5-la-photo.jpg\" alt=\"\" width=\"473\" height=\"550\" srcset=\"https:\/\/www.creatifproductif.com\/imagesgk\/2017\/04\/5-la-photo.jpg 473w, https:\/\/www.creatifproductif.com\/imagesgk\/2017\/04\/5-la-photo-258x300.jpg 258w\" sizes=\"auto, (max-width: 473px) 100vw, 473px\" \/><\/p>\n<p>N&rsquo;h\u00e9sitez pas \u00e0 poser une question en commentaire. Et pour encore un peu de documentation, c&rsquo;est par l\u00e0:La brochure \u00ab\u00a0<a href=\"http:\/\/www.vd.ch\/fileadmin\/user_upload\/organisation\/dfj\/sesaf\/ocosp\/fichiers_pdf\/publications\/soncompt.pdf\" target=\"_blank\" rel=\"noopener noreferrer\">se mettre \u00e0 son compte<\/a>\u00a0\u00bb du canton de Vaud (PDF)<br \/>\n<a href=\"https:\/\/www.ahv-iv.ch\/fr\/\" target=\"_blank\" rel=\"noopener noreferrer\">Le site de l&rsquo;AVS<\/a><br \/>\n<a href=\"http:\/\/www.centrepatronal.ch\/index.php?page=fr\/avs\/independant\" target=\"_blank\" rel=\"noopener noreferrer\">Les infos pour ind\u00e9pendants du Centre Patronal<\/a><br \/>\n<a href=\"http:\/\/www.vd.ch\/themes\/etat-droit-finances\/impots\/impots-individus-personnes-physiques\/formulaires\/periode-fiscale-2015\/\" target=\"_blank\" rel=\"noopener noreferrer\">Les infos sur la d\u00e9claration d&rsquo;imp\u00f4ts \/ Vaud<\/a><\/p>\n","protected":false},"excerpt":{"rendered":"<p>On me demande de plus en plus souvent pourquoi je suis ind\u00e9pendant, ce que cela signifie et comment on fait &hellip; <a class=\"more-link\" href=\"https:\/\/www.creatifproductif.com\/liberation-dun-genie-devenir-artiste-independant-en-suisse-romande\/\">Plus<\/a><\/p>\n","protected":false},"author":7,"featured_media":169,"comment_status":"closed","ping_status":"open","sticky":false,"template":"","format":"standard","meta":{"footnotes":""},"categories":[3,4],"tags":[],"class_list":["post-47","post","type-post","status-publish","format-standard","has-post-thumbnail","hentry","category-gestion-de-spectacles","category-independants",""],"_links":{"self":[{"href":"https:\/\/www.creatifproductif.com\/api-json-gk\/wp\/v2\/posts\/47","targetHints":{"allow":["GET"]}}],"collection":[{"href":"https:\/\/www.creatifproductif.com\/api-json-gk\/wp\/v2\/posts"}],"about":[{"href":"https:\/\/www.creatifproductif.com\/api-json-gk\/wp\/v2\/types\/post"}],"author":[{"embeddable":true,"href":"https:\/\/www.creatifproductif.com\/api-json-gk\/wp\/v2\/users\/7"}],"replies":[{"embeddable":true,"href":"https:\/\/www.creatifproductif.com\/api-json-gk\/wp\/v2\/comments?post=47"}],"version-history":[{"count":1,"href":"https:\/\/www.creatifproductif.com\/api-json-gk\/wp\/v2\/posts\/47\/revisions"}],"predecessor-version":[{"id":363,"href":"https:\/\/www.creatifproductif.com\/api-json-gk\/wp\/v2\/posts\/47\/revisions\/363"}],"wp:featuredmedia":[{"embeddable":true,"href":"https:\/\/www.creatifproductif.com\/api-json-gk\/wp\/v2\/media\/169"}],"wp:attachment":[{"href":"https:\/\/www.creatifproductif.com\/api-json-gk\/wp\/v2\/media?parent=47"}],"wp:term":[{"taxonomy":"category","embeddable":true,"href":"https:\/\/www.creatifproductif.com\/api-json-gk\/wp\/v2\/categories?post=47"},{"taxonomy":"post_tag","embeddable":true,"href":"https:\/\/www.creatifproductif.com\/api-json-gk\/wp\/v2\/tags?post=47"}],"curies":[{"name":"wp","href":"https:\/\/api.w.org\/{rel}","templated":true}]}}